{"id":12875,"date":"2026-05-02T18:07:51","date_gmt":"2026-05-02T16:07:51","guid":{"rendered":"https:\/\/laszlo1713.lima-city.de\/?p=12875"},"modified":"2026-05-02T18:07:51","modified_gmt":"2026-05-02T16:07:51","slug":"az-ut-a-cel-es-napjaink-kozerzete-2023","status":"publish","type":"post","link":"https:\/\/laszlo1713.lima-city.de\/index.php\/2026\/05\/02\/az-ut-a-cel-es-napjaink-kozerzete-2023\/","title":{"rendered":"Az &#8220;\u00fat&#8221;, a &#8220;c\u00e9l&#8221; \u00e9s napjaink k\u00f6z\u00e9rzete (2023)"},"content":{"rendered":"<div class=\"wp-block-image\">\n<figure class=\"aligncenter size-large\"><img loading=\"lazy\" decoding=\"async\" width=\"1024\" height=\"684\" src=\"https:\/\/laszlo1713.lima-city.de\/wp-content\/uploads\/2026\/05\/Screenshot-2026-05-02-at-17.55.04-1024x684.png\" alt=\"\" class=\"wp-image-12876\" srcset=\"https:\/\/laszlo1713.lima-city.de\/wp-content\/uploads\/2026\/05\/Screenshot-2026-05-02-at-17.55.04-1024x684.png 1024w, https:\/\/laszlo1713.lima-city.de\/wp-content\/uploads\/2026\/05\/Screenshot-2026-05-02-at-17.55.04-300x201.png 300w, https:\/\/laszlo1713.lima-city.de\/wp-content\/uploads\/2026\/05\/Screenshot-2026-05-02-at-17.55.04-768x513.png 768w, https:\/\/laszlo1713.lima-city.de\/wp-content\/uploads\/2026\/05\/Screenshot-2026-05-02-at-17.55.04.png 1140w\" sizes=\"auto, (max-width: 706px) 89vw, (max-width: 767px) 82vw, 740px\" \/><\/figure>\n<\/div>\n\n\n<p><strong><em>Mi lenne &#8220;\u00fat&#8221; (megk\u00f6zel\u00edt\u00e9s) \u00e9s &#8220;c\u00e9l&#8221; (eredm\u00e9ny) viszonya, \u00e9s mit \u00e1rul el r\u00f3lunk, hogy mindezt hogyan l\u00e1tjuk? Minden<\/em><\/strong> <strong><em>\u00fat egy (vagy t\u00f6bb?) c\u00e9lhoz vezet, \u00e9s minden c\u00e9lnak van egy (vagy t\u00f6bb?) megk\u00f6zel\u00edt\u00e9se (\u00fatja)? \u00c9s mi a fontos a<\/em><\/strong> <strong><em>sz\u00e1munkra: az egyik, a m\u00e1sik vagy ak\u00e1r mindkett\u0151 egyforma m\u00e9rt\u00e9kben? Mi lenne a &#8220;garancia&#8221;, hogy el\u00e9rj\u00fck a<\/em><\/strong> <strong><em>kit\u0171z\u00f6tt c\u00e9lt, vagy m\u00e1sk\u00e9ppen: hogy van-e az er\u0151fesz\u00edt\u00e9snek egy\u00e1ltal\u00e1n \u00e9rtelme (el\u00e9rhet\u0151 c\u00e9lja)? Hatalmas, soha<\/em><\/strong> <strong><em>nem l\u00e1tott \u00e9s tapasztalt v\u00e1ltoz\u00e1sok k\u00f6zepette \u00e9l\u00fcnk, \u00e9s k\u00fcl\u00f6nb\u00f6z\u0151 &#8220;feltev\u00e9sek&#8221; k\u00fcl\u00f6nf\u00e9le &#8220;c\u00e9lok\u00e9rt&#8221; harcolnak. A k\u00e9t<\/em><\/strong> <strong><em>legfontosabb: a globalist\u00e1k \u00e9s a patri\u00f3t\u00e1k k\u00fcl\u00f6n-k\u00fcl\u00f6n k\u00fczdelme, egym\u00e1s ellen egyr\u00e9szt, a saj\u00e1t c\u00e9ljaik\u00e9rt<\/em><\/strong> <strong><em>m\u00e1sr\u00e9szt. Az egym\u00e1s elleni harc m\u00e9g el\u00e9gg\u00e9 j\u00f3l k\u00f6vethet\u0151, mivel f\u0151k\u00e9nt mor\u00e1lis szinten zajlik. Tal\u00e1n ink\u00e1bb zavarba<\/em><\/strong> <strong><em>ejt\u0151 (\u00e9rthetetlen), hogy hogyan pr\u00f3b\u00e1lnak mindannyian eljutni a kit\u0171z\u00f6tt c\u00e9ljaikhoz. Mi lenne az az &#8220;er\u0151&#8221;<\/em><\/strong> <strong><em>(&#8220;min\u0151s\u00e9g&#8221;), ami kit-kit n\u00e9zete szerint \u00e1tseg\u00edtene a neh\u00e9zs\u00e9geken, \u00e9s c\u00e9lba juttatna. Hogyan keletkezik egy\u00e1ltal\u00e1n<\/em><\/strong> <strong><em>&#8220;min\u0151s\u00e9g&#8221;? A hegeli hagyom\u00e1ny ment\u00e9n kialak\u00edtott marxista elgondol\u00e1sban a &#8220;min\u0151s\u00e9g&#8221; egyszer\u0171en a &#8220;mennyis\u00e9gb\u0151l&#8221;<\/em><\/strong> <strong><em>keletkezik hirtelen &#8220;ugr\u00e1ssal&#8221; (\u00e1tv\u00e1ltoz\u00e1ssal). Az eg\u00e9sz folyamat ugyan r\u00e9szleteiben nem megvil\u00e1g\u00edtott (hogyan?<\/em><\/strong> <strong><em>mi\u00e9rt?), de t\u00e9nyk\u00e9nt elfogadott, hogy minden esetben bek\u00f6vetkezne. \u00dagy l\u00e1tom, hogy a jelenlegi globalista<\/em><\/strong> <strong><em>konstell\u00e1ci\u00f3 l\u00e9pten-nyomon a mennyis\u00e9gi (anyagi) oldalon pr\u00f3b\u00e1lja (bizonyos manipul\u00e1ci\u00f3val) a sz\u00e1m\u00e1ra k\u00edv\u00e1natos<\/em><\/strong> <strong><em>&#8220;ugr\u00e1st&#8221; kier\u0151szakolni. Mindez nem v\u00e1ratlan, tal\u00e1lkoztunk vele m\u00e1r egyeb\u00fctt is \u00fajkori t\u00f6rt\u00e9nelm\u00fcnkben. Mi lenne a<\/em><\/strong> <strong><em>m\u00e1sik oldallal? Nem k\u00e9ts\u00e9ges, hogy a patri\u00f3t\u00e1k (WhiteHats, Q stb.) mor\u00e1lis f\u00f6l\u00e9nyben vannak a globalist\u00e1kkal<\/em><\/strong> <strong><em>szemben. Mindez hosszan kifejthet\u0151 lenne, de l\u00e9nyegesebb k\u00e9rd\u00e9snek tartan\u00e1m, hogy hogyan pr\u00f3b\u00e1lj\u00e1k a patri\u00f3t\u00e1k<\/em><\/strong> <strong><em>el\u00e9rni saj\u00e1t kit\u0171z\u00f6tt c\u00e9ljaikat (az \u00faj alapokra helyezett bankrendszert\u0151l a politikai rendszer \u00e1tszervez\u00e9s\u00e9n<\/em><\/strong> <strong><em>kereszt\u00fcl egy &#8220;igazs\u00e1gosabb&#8221; t\u00e1rsadalomig). Nem tudom igaz\u00e1n, meghagyhatom tov\u00e1bbi ny\u00edlt k\u00e9rd\u00e9snek. Id\u0151k\u00f6zben<\/em><\/strong> <strong><em>viszont az a gyan\u00fam t\u00e1madt, mintha minden ezen az oldalon a m\u00e1sik oldal &#8220;k\u00f6p\u00f6nyeg\u00e9ben&#8221; folyna. Minden<\/em><\/strong> <strong><em>\u00f6sszet\u00e9veszt\u00e9sig hasonl\u00f3 lenne a &#8220;mor\u00e1lis t\u00f6bblet&#8221; (nem kis) k\u00fcl\u00f6nbs\u00e9g\u00e9vel (a pedofilokat kisz\u0171rik a rendszerb\u0151l).<\/em><\/strong> <strong><em>Innen viszont m\u00e9g mindig nem \u00e9rthet\u0151, hogyan lesz (ha lesz) &#8220;min\u0151s\u00e9gi&#8221; v\u00e1ltoz\u00e1s, mit\u0151l lesz ez a rendszer jobb, mint<\/em><\/strong> <strong><em>a m\u00e1sik. Higgy\u00fck el, \u00e9s majd megl\u00e1tjuk a gyakorlatban? Jaj, de m\u00e1r az &#8220;olt\u00e1st&#8221; is milyen sokan elhitt\u00e9k, \u00e9s azt\u00e1n<\/em><\/strong> <strong><em>megtapasztalt\u00e1k a gyakorlatban. Aktu\u00e1lis p\u00e9lda arra, hogy a &#8220;mennyis\u00e9g&#8221; nem garant\u00e1l semmif\u00e9le &#8220;min\u0151s\u00e9get&#8221;,<\/em><\/strong> <strong><em>&#8220;min\u0151s\u00e9g&#8221; n\u00e9lk\u00fcl viszont pozit\u00edv v\u00e1ltoz\u00e1s nem elk\u00e9pzelhet\u0151 (lehets\u00e9ges).<\/em><\/strong><\/p>\n","protected":false},"excerpt":{"rendered":"<p>Mi lenne &#8220;\u00fat&#8221; (megk\u00f6zel\u00edt\u00e9s) \u00e9s &#8220;c\u00e9l&#8221; (eredm\u00e9ny) viszonya, \u00e9s mit \u00e1rul el r\u00f3lunk, hogy mindezt hogyan l\u00e1tjuk? Minden \u00fat egy (vagy t\u00f6bb?) c\u00e9lhoz vezet, \u00e9s minden c\u00e9lnak van egy (vagy t\u00f6bb?) megk\u00f6zel\u00edt\u00e9se (\u00fatja)? \u00c9s mi a fontos a sz\u00e1munkra: az egyik, a m\u00e1sik vagy ak\u00e1r mindkett\u0151 egyforma m\u00e9rt\u00e9kben? Mi lenne a &#8220;garancia&#8221;, hogy el\u00e9rj\u00fck a &hellip; <\/p>\n<p class=\"link-more\"><a href=\"https:\/\/laszlo1713.lima-city.de\/index.php\/2026\/05\/02\/az-ut-a-cel-es-napjaink-kozerzete-2023\/\" class=\"more-link\">Continue reading<span class=\"screen-reader-text\"> &#8220;Az &#8220;\u00fat&#8221;, a &#8220;c\u00e9l&#8221; \u00e9s napjaink k\u00f6z\u00e9rzete (2023)&#8221;<\/span><\/a><\/p>\n","protected":false},"author":1,"featured_media":0,"comment_status":"open","ping_status":"open","sticky":false,"template":"","format":"standard","meta":{"footnotes":""},"categories":[1],"tags":[],"class_list":["post-12875","post","type-post","status-publish","format-standard","hentry","category-allgemein"],"_links":{"self":[{"href":"https:\/\/laszlo1713.lima-city.de\/index.php\/wp-json\/wp\/v2\/posts\/12875","targetHints":{"allow":["GET"]}}],"collection":[{"href":"https:\/\/laszlo1713.lima-city.de\/index.php\/wp-json\/wp\/v2\/posts"}],"about":[{"href":"https:\/\/laszlo1713.lima-city.de\/index.php\/wp-json\/wp\/v2\/types\/post"}],"author":[{"embeddable":true,"href":"https:\/\/laszlo1713.lima-city.de\/index.php\/wp-json\/wp\/v2\/users\/1"}],"replies":[{"embeddable":true,"href":"https:\/\/laszlo1713.lima-city.de\/index.php\/wp-json\/wp\/v2\/comments?post=12875"}],"version-history":[{"count":1,"href":"https:\/\/laszlo1713.lima-city.de\/index.php\/wp-json\/wp\/v2\/posts\/12875\/revisions"}],"predecessor-version":[{"id":12877,"href":"https:\/\/laszlo1713.lima-city.de\/index.php\/wp-json\/wp\/v2\/posts\/12875\/revisions\/12877"}],"wp:attachment":[{"href":"https:\/\/laszlo1713.lima-city.de\/index.php\/wp-json\/wp\/v2\/media?parent=12875"}],"wp:term":[{"taxonomy":"category","embeddable":true,"href":"https:\/\/laszlo1713.lima-city.de\/index.php\/wp-json\/wp\/v2\/categories?post=12875"},{"taxonomy":"post_tag","embeddable":true,"href":"https:\/\/laszlo1713.lima-city.de\/index.php\/wp-json\/wp\/v2\/tags?post=12875"}],"curies":[{"name":"wp","href":"https:\/\/api.w.org\/{rel}","templated":true}]}}