{"id":12871,"date":"2026-05-02T18:03:21","date_gmt":"2026-05-02T16:03:21","guid":{"rendered":"https:\/\/laszlo1713.lima-city.de\/?p=12871"},"modified":"2026-05-02T18:03:21","modified_gmt":"2026-05-02T16:03:21","slug":"szimulal-2020","status":"publish","type":"post","link":"https:\/\/laszlo1713.lima-city.de\/index.php\/2026\/05\/02\/szimulal-2020\/","title":{"rendered":"Szimul\u00e1l (2020)"},"content":{"rendered":"<div class=\"wp-block-image\">\n<figure class=\"aligncenter size-full\"><img loading=\"lazy\" decoding=\"async\" width=\"898\" height=\"640\" src=\"https:\/\/laszlo1713.lima-city.de\/wp-content\/uploads\/2026\/05\/Screenshot-2026-05-02-at-17.57.49.png\" alt=\"\" class=\"wp-image-12872\" srcset=\"https:\/\/laszlo1713.lima-city.de\/wp-content\/uploads\/2026\/05\/Screenshot-2026-05-02-at-17.57.49.png 898w, https:\/\/laszlo1713.lima-city.de\/wp-content\/uploads\/2026\/05\/Screenshot-2026-05-02-at-17.57.49-300x214.png 300w, https:\/\/laszlo1713.lima-city.de\/wp-content\/uploads\/2026\/05\/Screenshot-2026-05-02-at-17.57.49-768x547.png 768w\" sizes=\"auto, (max-width: 706px) 89vw, (max-width: 767px) 82vw, 740px\" \/><\/figure>\n<\/div>\n\n\n<p><\/p>\n\n\n\n<p><strong><em>Ezt az ig\u00e9t pejorat\u00edv \u00e9rtelemben haszn\u00e1ljuk a magyarban, azt jelenti, hogy valaki valamit sz\u00ednlel, m\u00e1snak<\/em><\/strong> <strong><em>l\u00e1ttatja a helyzetet, mint amilyen az val\u00f3s\u00e1gosan lenne. Semmi baja, csak sz\u00ednleli. F\u0151k\u00e9nt f\u0151n\u00e9vi \u00e9rtelemben<\/em><\/strong> <strong><em>(szimul\u00e1ci\u00f3) van azonban a fogalomnak egy m\u00e1sik jelent\u00e9se is. Olyan vizsg\u00e1latot jelent, amikor egy rendszer<\/em><\/strong> <strong><em>fizikai vagy sz\u00e1m\u00edt\u00f3g\u00e9pes modellj\u00e9n tanulm\u00e1nyozz\u00e1k annak v\u00e1rhat\u00f3, illetve val\u00f3di viselked\u00e9s\u00e9t. A n\u00e9met<\/em><\/strong> <strong><em>parlament (Deutscher Bundestag) egyik dokumentuma (Drucksache 17\/12051) 2012-ben le\u00edr egy szimul\u00e1ci\u00f3s<\/em><\/strong> <strong><em>vizsg\u00e1latot a jelenlegi korona-v\u00edrussal kapcsolatosan, amely j\u00f6v\u0151be l\u00e1t\u00f3 m\u00f3don pontosan felid\u00e9zi napjaink<\/em><\/strong> <strong><em>t\u00f6rt\u00e9n\u00e9seit (\u00e9s annak politikai narrat\u00edv\u00e1j\u00e1t). &#8220;Das Ereignis beginnt im Februar in Asien&#8221; &#8230; &#8220;Der Erreger stammt<\/em><\/strong> <strong><em>aus S\u00fcdostasien, wo der bei Wildtieren vorkommende Erreger \u00fcber M\u00e4rkte auf den Menschen \u00fcbertragen wurde. Da<\/em><\/strong> <strong><em>die Tiere selbst nicht erkranken, war nicht erkennbar, dass eine Infektionsgefahr bestand.&#8221;&#8230; &#8220;Es ist so lange mit<\/em><\/strong> <strong><em>Neuerkrankungen zu rechnen, bis ein Impfstoff verf\u00fcgbar ist. F\u00fcr das vorliegende Szenario wird ein<\/em><\/strong> <strong><em>Gesamtzeitraum von drei Jahren (sic!) zugrunde gelegt mit der Annahme, dass nach dieser Zeit ein Impfstoff<\/em><\/strong> <em style=\"font-weight: bold;\"><strong>entwickelt<\/strong>, <strong>freigegeben und in ausreichender Menge verf\u00fcgbar ist<\/strong>.&#8221; <strong>Nem id\u00e9zem tov\u00e1bb<\/strong>. <strong>K\u00e9t dolog vil\u00e1gosnak<\/strong><\/em>. <strong><em>t\u0171nik: hogy sz\u00e1moltak a j\u00e1rv\u00e1nnyal (ak\u00e1r \u00fagy is, hogy maguk id\u00e9zt\u00e9k el\u0151) ill. hogy addig fog a &#8220;szimul\u00e1ci\u00f3&#8221;<\/em><\/strong> <strong><em>tartani, am\u00edg nem \u00e1llnak el\u0151 valamif\u00e9le v\u00e9d\u0151olt\u00e1ssal. L\u00e1tjuk (f\u0151k\u00e9nt az US\u00c1-ban eg\u00e9szen vil\u00e1gosan), hogy a<\/em><\/strong> <strong><em>&#8220;h\u00e1tt\u00e9rhatalom&#8221; szerepl\u0151i megpr\u00f3b\u00e1lj\u00e1k minden (m\u00e9g) rendelkez\u00e9s\u00fckre \u00e1ll\u00f3 eszk\u00f6zzel el\u00e9rni, hogy a koronav\u00edrus<\/em><\/strong> <strong><em>\u00e1ltal &#8220;szimul\u00e1lt&#8221; helyzet min\u00e9l tov\u00e1bb tartson, lehet\u0151leg egy bizonyos &#8220;v\u00e9d\u0151olt\u00e1sig&#8221;. Elj\u00f6tt az id\u0151, k\u00f6sz\u00f6nj\u00fck, el\u00e9g<\/em><\/strong> <strong><em>volt bel\u0151letek!<\/em><\/strong><\/p>\n\n\n<div class=\"wp-block-image\">\n<figure class=\"aligncenter size-large\"><img loading=\"lazy\" decoding=\"async\" width=\"545\" height=\"1024\" src=\"https:\/\/laszlo1713.lima-city.de\/wp-content\/uploads\/2026\/05\/Screenshot-2026-05-02-at-18.00.39-545x1024.png\" alt=\"\" class=\"wp-image-12873\" srcset=\"https:\/\/laszlo1713.lima-city.de\/wp-content\/uploads\/2026\/05\/Screenshot-2026-05-02-at-18.00.39-545x1024.png 545w, https:\/\/laszlo1713.lima-city.de\/wp-content\/uploads\/2026\/05\/Screenshot-2026-05-02-at-18.00.39-160x300.png 160w, https:\/\/laszlo1713.lima-city.de\/wp-content\/uploads\/2026\/05\/Screenshot-2026-05-02-at-18.00.39.png 686w\" sizes=\"auto, (max-width: 545px) 100vw, 545px\" \/><\/figure>\n<\/div>","protected":false},"excerpt":{"rendered":"<p>Ezt az ig\u00e9t pejorat\u00edv \u00e9rtelemben haszn\u00e1ljuk a magyarban, azt jelenti, hogy valaki valamit sz\u00ednlel, m\u00e1snak l\u00e1ttatja a helyzetet, mint amilyen az val\u00f3s\u00e1gosan lenne. Semmi baja, csak sz\u00ednleli. F\u0151k\u00e9nt f\u0151n\u00e9vi \u00e9rtelemben (szimul\u00e1ci\u00f3) van azonban a fogalomnak egy m\u00e1sik jelent\u00e9se is. Olyan vizsg\u00e1latot jelent, amikor egy rendszer fizikai vagy sz\u00e1m\u00edt\u00f3g\u00e9pes modellj\u00e9n tanulm\u00e1nyozz\u00e1k annak v\u00e1rhat\u00f3, illetve val\u00f3di viselked\u00e9s\u00e9t. &hellip; <\/p>\n<p class=\"link-more\"><a href=\"https:\/\/laszlo1713.lima-city.de\/index.php\/2026\/05\/02\/szimulal-2020\/\" class=\"more-link\">Continue reading<span class=\"screen-reader-text\"> &#8220;Szimul\u00e1l (2020)&#8221;<\/span><\/a><\/p>\n","protected":false},"author":1,"featured_media":0,"comment_status":"open","ping_status":"open","sticky":false,"template":"","format":"standard","meta":{"footnotes":""},"categories":[1],"tags":[],"class_list":["post-12871","post","type-post","status-publish","format-standard","hentry","category-allgemein"],"_links":{"self":[{"href":"https:\/\/laszlo1713.lima-city.de\/index.php\/wp-json\/wp\/v2\/posts\/12871","targetHints":{"allow":["GET"]}}],"collection":[{"href":"https:\/\/laszlo1713.lima-city.de\/index.php\/wp-json\/wp\/v2\/posts"}],"about":[{"href":"https:\/\/laszlo1713.lima-city.de\/index.php\/wp-json\/wp\/v2\/types\/post"}],"author":[{"embeddable":true,"href":"https:\/\/laszlo1713.lima-city.de\/index.php\/wp-json\/wp\/v2\/users\/1"}],"replies":[{"embeddable":true,"href":"https:\/\/laszlo1713.lima-city.de\/index.php\/wp-json\/wp\/v2\/comments?post=12871"}],"version-history":[{"count":1,"href":"https:\/\/laszlo1713.lima-city.de\/index.php\/wp-json\/wp\/v2\/posts\/12871\/revisions"}],"predecessor-version":[{"id":12874,"href":"https:\/\/laszlo1713.lima-city.de\/index.php\/wp-json\/wp\/v2\/posts\/12871\/revisions\/12874"}],"wp:attachment":[{"href":"https:\/\/laszlo1713.lima-city.de\/index.php\/wp-json\/wp\/v2\/media?parent=12871"}],"wp:term":[{"taxonomy":"category","embeddable":true,"href":"https:\/\/laszlo1713.lima-city.de\/index.php\/wp-json\/wp\/v2\/categories?post=12871"},{"taxonomy":"post_tag","embeddable":true,"href":"https:\/\/laszlo1713.lima-city.de\/index.php\/wp-json\/wp\/v2\/tags?post=12871"}],"curies":[{"name":"wp","href":"https:\/\/api.w.org\/{rel}","templated":true}]}}