{"id":12763,"date":"2026-04-30T08:09:51","date_gmt":"2026-04-30T06:09:51","guid":{"rendered":"https:\/\/laszlo1713.lima-city.de\/?p=12763"},"modified":"2026-04-30T08:09:51","modified_gmt":"2026-04-30T06:09:51","slug":"rejtozkodo-uzenetek-avagy-a-zold-bagoly-2019","status":"publish","type":"post","link":"https:\/\/laszlo1713.lima-city.de\/index.php\/2026\/04\/30\/rejtozkodo-uzenetek-avagy-a-zold-bagoly-2019\/","title":{"rendered":"Rejt\u0151zk\u00f6d\u0151 \u00fczenetek avagy a &#8220;z\u00f6ld&#8221; bagoly (2019)"},"content":{"rendered":"\n<p>\u00c9rdekes \u201cj\u00e1t\u00e9k\u201d a rejt\u0151zk\u00f6d\u00e9s, sz\u00f3rakozom is rajta eleget. Hogyan nyilv\u00e1n\u00edtj\u00e1k ki pl. a \u201ch\u00e1tt\u00e9rhatalom\u201d k\u00fcl\u00f6nf\u00e9le szerepl\u0151i lojalit\u00e1sukat a \u201cl\u00e1thatatlan\u201d strukt\u00far\u00e1val szemben? Szimb\u00f3lumokkal, m\u00e9gpedig (\u00e1ltal\u00e1ban) \u00fagy, hogy m\u00e1r megl\u00e9v\u0151 szimb\u00f3lumokat \u00fajabb jelent\u00e9ssel haszn\u00e1lnak. Nyelvi szinten a \u201ctolvajnyelv\u201d is hasonl\u00f3an tesz. Ez\u00e9rt is neh\u00e9z meg\u00e9rteni (tetten \u00e9rni). Nemr\u00e9g a n\u00e9metorsz\u00e1gi z\u00f6ldek (Die Gr\u00fcne), egy l\u00e9nyeg\u00e9ben marxista-maoista p\u00e1rt a k\u00f6rnyezetv\u00e9delem \u00e1larca alatt, a k\u00f6vetkez\u0151 (tal\u00e1n meglep\u0151?) plak\u00e1ttal kamp\u00e1nyolt:<\/p>\n\n\n<div class=\"wp-block-image\">\n<figure class=\"aligncenter size-large is-resized\"><img loading=\"lazy\" decoding=\"async\" width=\"716\" height=\"1024\" src=\"https:\/\/laszlo1713.lima-city.de\/wp-content\/uploads\/2026\/04\/Screenshot-2026-04-30-at-08.06.58-716x1024.png\" alt=\"\" class=\"wp-image-12764\" style=\"aspect-ratio:0.6992267915903454;width:613px;height:auto\" srcset=\"https:\/\/laszlo1713.lima-city.de\/wp-content\/uploads\/2026\/04\/Screenshot-2026-04-30-at-08.06.58-716x1024.png 716w, https:\/\/laszlo1713.lima-city.de\/wp-content\/uploads\/2026\/04\/Screenshot-2026-04-30-at-08.06.58-210x300.png 210w, https:\/\/laszlo1713.lima-city.de\/wp-content\/uploads\/2026\/04\/Screenshot-2026-04-30-at-08.06.58-768x1099.png 768w, https:\/\/laszlo1713.lima-city.de\/wp-content\/uploads\/2026\/04\/Screenshot-2026-04-30-at-08.06.58.png 780w\" sizes=\"auto, (max-width: 716px) 100vw, 716px\" \/><\/figure>\n<\/div>\n\n\n<p>Mi\u00e9rt \u00e9ppen bagollyal? A bagoly a g\u00f6r\u00f6g mitol\u00f3gi\u00e1ban Palasz Ath\u00e9n\u00e9 szent \u00e1llata volt, innen b\u00f6lcsess\u00e9get szimboliz\u00e1l. A \u201cz\u00f6ldek\u201d \u00f6nmeghat\u00e1roz\u00e1sa teh\u00e1t, hogy \u201cb\u00f6lcsek\u201d lenn\u00e9nek? Ilyen badars\u00e1got csak ironikusan \u00e1ll\u00edthatn\u00e1nk. Rejlik azonban m\u00e1s is ebben a szimb\u00f3lumban: \u201cHa megn\u00e9zz\u00fck, mi mindent szimboliz\u00e1lhat a bagoly, nagyj\u00e1b\u00f3l azt l\u00e1tjuk, hogy mindent, amit az \u00e9jszakai \u00e9letm\u00f3dja sugalmaz az ember sz\u00e1m\u00e1ra. Az \u00e9jszak\u00e1hoz sok minden kapcsol\u00f3dik: a vesz\u00e9ly, a furcsa \u00e9s ijeszt\u0151 hangok \u00e9lm\u00e9nye, a szellemek, lid\u00e9rcek, boszork\u00e1nyok k\u00e9pzete, \u00e9s persze \u00e1ltal\u00e1ban a titokzatoss\u00e1g, amelybe \u00e9pp \u00fagy belef\u00e9rnek a v\u00e9szj\u00f3sl\u00f3 tal\u00e1lgat\u00e1sok, mint az, hogy a b\u00f6lcsess\u00e9g m\u00f6g\u00f6tt is lehetnek rejtett, kev\u00e9sb\u00e9 l\u00e1that\u00f3 m\u00e9lys\u00e9gek, titkok. Ez\u00e9rt a bagoly ugyan\u00fagy lehet a rossz, gonosz \u00e9s d\u00e9monikus er\u0151k megtestes\u00edt\u0151je, mint a j\u00f3s\u00e1g\u00e9, okoss\u00e1g\u00e9 \u00e9s a gy\u00f3gy\u00edt\u00f3 er\u0151k\u00e9. A negat\u00edv jelent\u00e9sek \u00e1ltal\u00e1ban ink\u00e1bb a kisebb test\u0171 kuvikf\u00e9l\u00e9khez, m\u00edg a pozit\u00edvak a nagyobb f\u00fclesbaglyokhoz kapcsol\u00f3dnak.\u201d Teh\u00e1t \u201cd\u00e9moni\u201d jelent\u00e9se is lehet. Ebb\u0151l a p\u00e9ld\u00e1b\u00f3l nem tudhatjuk. Tegy\u00fcnk mell\u00e9 egy m\u00e1sikat: az Eur\u00f3pai K\u00f6zponti Bank igazgat\u00f3ja, Christine Lagarde tett egy meglep\u0151 kijelent\u00e9st. \u201cChristine Lagarde enters defining moment for financial markets and declares\u2026 \u2018I\u2019m an owl. And speaking before the meeting, she bizarrely declared her intention to be an owl, explaining her belief that they were wise animals.\u201d (\u201cExpress\u201d) Ezek szerint Lagarde \u00f6nmag\u00e1t \u201cb\u00f6lcsnek\u201d tekinti? Lehet, nem tudom. Van azonban a \u201cj\u00e1t\u00e9knak\u201d egy nyilv\u00e1nval\u00f3 mozaikja: a Bohemian Grove (USA, California), itt tal\u00e1lkoznak a vil\u00e1g legkiemelked\u0151bb f\u00e9rfiai, egyfajta \u201c\u00fari\u201d klub. Ennek a klubnak alap\u00edt\u00e1sa \u00f3ta kabala-\u00e1llata a bagoly, mint a tud\u00e1s szimb\u00f3luma. Nevezhetj\u00fck a \u201cklubot\u201d illumin\u00e1tus t\u00e1rsas\u00e1gnak ugyan\u00fagy, mint pl. a Bilderberger n\u00e9vvel jel\u00f6lt tal\u00e1lkoz\u00f3k illumin\u00e1tus \u00f6sszej\u00f6vetelek. Ebben az \u00f6sszef\u00fcgg\u00e9sben m\u00e1r jobban \u00e9rthet\u0151 a v\u00e9lt jelent\u00e9se a szimb\u00f3lumnak, amely \u00f6sszek\u00f6ti a z\u00f6ldeket, az Eur\u00f3pai K\u00f6zponti Bankot az illumin\u00e1tus \u201ch\u00e1tt\u00e9rhatalommal\u201d, a \u201cd\u00e9monival\u201d. Innen nem lenne neh\u00e9z folytatni a sort pl. a Vatik\u00e1nnal, Ferenc p\u00e1p\u00e1val stb.<\/p>\n","protected":false},"excerpt":{"rendered":"<p>\u00c9rdekes \u201cj\u00e1t\u00e9k\u201d a rejt\u0151zk\u00f6d\u00e9s, sz\u00f3rakozom is rajta eleget. Hogyan nyilv\u00e1n\u00edtj\u00e1k ki pl. a \u201ch\u00e1tt\u00e9rhatalom\u201d k\u00fcl\u00f6nf\u00e9le szerepl\u0151i lojalit\u00e1sukat a \u201cl\u00e1thatatlan\u201d strukt\u00far\u00e1val szemben? Szimb\u00f3lumokkal, m\u00e9gpedig (\u00e1ltal\u00e1ban) \u00fagy, hogy m\u00e1r megl\u00e9v\u0151 szimb\u00f3lumokat \u00fajabb jelent\u00e9ssel haszn\u00e1lnak. Nyelvi szinten a \u201ctolvajnyelv\u201d is hasonl\u00f3an tesz. Ez\u00e9rt is neh\u00e9z meg\u00e9rteni (tetten \u00e9rni). Nemr\u00e9g a n\u00e9metorsz\u00e1gi z\u00f6ldek (Die Gr\u00fcne), egy l\u00e9nyeg\u00e9ben marxista-maoista p\u00e1rt &hellip; <\/p>\n<p class=\"link-more\"><a href=\"https:\/\/laszlo1713.lima-city.de\/index.php\/2026\/04\/30\/rejtozkodo-uzenetek-avagy-a-zold-bagoly-2019\/\" class=\"more-link\">Continue reading<span class=\"screen-reader-text\"> &#8220;Rejt\u0151zk\u00f6d\u0151 \u00fczenetek avagy a &#8220;z\u00f6ld&#8221; bagoly (2019)&#8221;<\/span><\/a><\/p>\n","protected":false},"author":1,"featured_media":0,"comment_status":"open","ping_status":"open","sticky":false,"template":"","format":"standard","meta":{"footnotes":""},"categories":[1],"tags":[],"class_list":["post-12763","post","type-post","status-publish","format-standard","hentry","category-allgemein"],"_links":{"self":[{"href":"https:\/\/laszlo1713.lima-city.de\/index.php\/wp-json\/wp\/v2\/posts\/12763","targetHints":{"allow":["GET"]}}],"collection":[{"href":"https:\/\/laszlo1713.lima-city.de\/index.php\/wp-json\/wp\/v2\/posts"}],"about":[{"href":"https:\/\/laszlo1713.lima-city.de\/index.php\/wp-json\/wp\/v2\/types\/post"}],"author":[{"embeddable":true,"href":"https:\/\/laszlo1713.lima-city.de\/index.php\/wp-json\/wp\/v2\/users\/1"}],"replies":[{"embeddable":true,"href":"https:\/\/laszlo1713.lima-city.de\/index.php\/wp-json\/wp\/v2\/comments?post=12763"}],"version-history":[{"count":1,"href":"https:\/\/laszlo1713.lima-city.de\/index.php\/wp-json\/wp\/v2\/posts\/12763\/revisions"}],"predecessor-version":[{"id":12765,"href":"https:\/\/laszlo1713.lima-city.de\/index.php\/wp-json\/wp\/v2\/posts\/12763\/revisions\/12765"}],"wp:attachment":[{"href":"https:\/\/laszlo1713.lima-city.de\/index.php\/wp-json\/wp\/v2\/media?parent=12763"}],"wp:term":[{"taxonomy":"category","embeddable":true,"href":"https:\/\/laszlo1713.lima-city.de\/index.php\/wp-json\/wp\/v2\/categories?post=12763"},{"taxonomy":"post_tag","embeddable":true,"href":"https:\/\/laszlo1713.lima-city.de\/index.php\/wp-json\/wp\/v2\/tags?post=12763"}],"curies":[{"name":"wp","href":"https:\/\/api.w.org\/{rel}","templated":true}]}}