{"id":12759,"date":"2026-04-26T08:01:26","date_gmt":"2026-04-26T06:01:26","guid":{"rendered":"https:\/\/laszlo1713.lima-city.de\/?p=12759"},"modified":"2026-04-26T08:01:26","modified_gmt":"2026-04-26T06:01:26","slug":"a-jatekter-2020","status":"publish","type":"post","link":"https:\/\/laszlo1713.lima-city.de\/index.php\/2026\/04\/26\/a-jatekter-2020\/","title":{"rendered":"A j\u00e1t\u00e9kt\u00e9r (2020)"},"content":{"rendered":"\n<figure class=\"wp-block-image size-full\"><img loading=\"lazy\" decoding=\"async\" width=\"882\" height=\"542\" src=\"https:\/\/laszlo1713.lima-city.de\/wp-content\/uploads\/2026\/04\/Screenshot-2026-04-26-at-07.53.29.png\" alt=\"\" class=\"wp-image-12760\" srcset=\"https:\/\/laszlo1713.lima-city.de\/wp-content\/uploads\/2026\/04\/Screenshot-2026-04-26-at-07.53.29.png 882w, https:\/\/laszlo1713.lima-city.de\/wp-content\/uploads\/2026\/04\/Screenshot-2026-04-26-at-07.53.29-300x184.png 300w, https:\/\/laszlo1713.lima-city.de\/wp-content\/uploads\/2026\/04\/Screenshot-2026-04-26-at-07.53.29-768x472.png 768w\" sizes=\"auto, (max-width: 706px) 89vw, (max-width: 767px) 82vw, 740px\" \/><\/figure>\n\n\n\n<p><\/p>\n\n\n\n<p><strong><em>A keret adott (a regula le\u00edratott),<\/em><\/strong> <strong><em>csakhogy m\u00e1s adatott a j\u00e1t\u00e9kosnak (a<\/em><\/strong> <strong><em>n\u00e9z\u0151r\u0151l nem is besz\u00e9lve) mint a<\/em><\/strong> <strong><em>&#8220;t\u00f6rv\u00e9nyhoz\u00f3nak&#8221;. &#8220;M\u00e1s j\u00e1t\u00e9kot<\/em><\/strong> <strong><em>j\u00e1tszanak \u00b4ott fent\u00b4&#8221; &#8211; \u00edrja Esterh\u00e1zy.<\/em><\/strong> <strong><em>Vajon kire (kikre?) gondol? &#8220;Lehet-e egy<\/em><\/strong> <strong><em>futballp\u00e1lya n\u00e9gyzet alak\u00fa? Sehol sem<\/em><\/strong> <strong><em>olvastam arr\u00f3l, hogy tiltva volna.&#8221; &#8211;<\/em><\/strong> <strong><em>sz\u00ednleli a na\u00edvat ugyanott. Persze, lehet<\/em><\/strong> <strong><em>n\u00e9gyzet alak\u00fa (elvben), \u00e9s val\u00f3ban<\/em><\/strong> <strong><em>n\u00e9gyzet alak\u00fa, ha nem is az. Mert<\/em><\/strong> <strong><em>paradox ez a vil\u00e1g, a mi (k\u00f6z\u00f6s)<\/em><\/strong> <strong><em>posztmodern\u00fcnk. &#8220;A nincs mint van.<\/em><\/strong> <strong><em>Ebben a kett\u0151ss\u00e9gben \u00e1ll a mai eur\u00f3pai<\/em><\/strong> <strong><em>\u00e9rt\u00e9krend.&#8221; Kezdjem el boncolgatni ezt a<\/em><\/strong> <strong><em>kett\u0151ss\u00e9get, illusztr\u00e1lva egy nyomorult<\/em><\/strong> <strong><em>p\u00e1lyam\u00e9ret-t\u00e1bl\u00e1zaton? Aki \u00e9rti, \u00edgy is<\/em><\/strong> <strong><em>\u00e9rti &#8211; aki pedig nem, azon nem lehet<\/em><\/strong> <strong><em>seg\u00edteni. Hajr\u00e1 Fradi! (r\u00e9gen volt?) &#8211; &#8220;\u00e1m<\/em><\/strong> <strong><em>az id\u0151 val\u00f3ban nem line\u00e1risan m\u00falik&#8221;.<\/em><\/strong> <strong><em>Nem \u00e1m. Azt\u00e1n ugr\u00e1ndozhatunk a<\/em><\/strong> <strong><em>metrikus rendszerb\u0151l az angolsz\u00e1szba,<\/em><\/strong> <strong><em>hogy meg is \u00e9rts\u00fck a &#8220;j\u00e1t\u00e9kteret&#8221;, azt\u00e1n<\/em><\/strong> <strong><em>v\u00e1gyakozzunk vissza furcsa \u00e1lmokkal,<\/em><\/strong> <strong><em>mint pl.<\/em><\/strong> <strong><em>&#8220;n\u00e9zni megint a f\u00e9lszem\u0171 Hahn-Hahn<\/em><\/strong> <strong><em>gr\u00f3fn\u0151 m\u00e1sik szem\u00e9vel.&#8221; Neh\u00e9z.<\/em><\/strong> <strong><em>Lehetetlen? &#8220;Alkalmazkodni kell, hogy<\/em><\/strong> <strong><em>lehess. Hogy te te lehess. De az<\/em><\/strong> <strong><em>alkalmazkod\u00e1s \u00f6nfelad\u00e1s is egyben. T\u00fal<\/em><\/strong> <strong><em>kell \u00e9lni, de nekem kell t\u00fal\u00e9lni. Vannak<\/em><\/strong> <strong><em>teh\u00e1t hat\u00e1rok. \u00c9s ki mondja meg, hol<\/em><\/strong> <strong><em>vannak ezek? Neh\u00e9z ez. T\u00f6bb j\u00e1t\u00e9k folyik<\/em><\/strong> <strong><em>egyszerre, r\u00f6vid \u00e9s hossz\u00fa t\u00e1v\u00fa j\u00e1t\u00e9k,<\/em><\/strong> <strong><em>egy\u00e9ni \u00e9s k\u00f6z\u00f6ss\u00e9gi, materi\u00e1lis \u00e9s<\/em><\/strong> <strong><em>szellemi, j\u00f3kkal \u00e9s jobbikakkal.&#8221;<\/em><\/strong> <strong><em>K\u00f6sz\u00f6nj\u00fck, mester, az \u0151szinte szavakat.<\/em><\/strong> <strong><em>B\u00e1r te sem \u00e9lted t\u00fal. Marad minden, mint<\/em><\/strong> <strong><em>eddig is? &#8220;K\u00fczdelem a l\u00e9t\u00e9rt. Gy\u0151zz\u00f6n a<\/em><\/strong> <strong><em>jobbik. Neh\u00e9z dolog ez. Mert sz\u00edv\u00fcnk<\/em><\/strong> <strong><em>szerint azt mondan\u00e1nk: gy\u0151zz\u00f6n a j\u00f3.<\/em><\/strong> <strong><em>Csakhogy a j\u00f3 nem akar gy\u0151zni, van<\/em><\/strong> <strong><em>esz\u00e9ben, veszteni sem akar, a j\u00f3<\/em><\/strong> <strong><em>valahogy m\u00e1st akar, v\u00e9lhet\u0151en nem akar<\/em><\/strong> <strong><em>semmit, csak lenni akar.&#8221; Legy\u00fcnk h\u00e1t<\/em><\/strong> <strong><em>v\u00e9gre &#8211; mi magunk!<\/em><\/strong><\/p>\n","protected":false},"excerpt":{"rendered":"<p>A keret adott (a regula le\u00edratott), csakhogy m\u00e1s adatott a j\u00e1t\u00e9kosnak (a n\u00e9z\u0151r\u0151l nem is besz\u00e9lve) mint a &#8220;t\u00f6rv\u00e9nyhoz\u00f3nak&#8221;. &#8220;M\u00e1s j\u00e1t\u00e9kot j\u00e1tszanak \u00b4ott fent\u00b4&#8221; &#8211; \u00edrja Esterh\u00e1zy. Vajon kire (kikre?) gondol? &#8220;Lehet-e egy futballp\u00e1lya n\u00e9gyzet alak\u00fa? Sehol sem olvastam arr\u00f3l, hogy tiltva volna.&#8221; &#8211; sz\u00ednleli a na\u00edvat ugyanott. Persze, lehet n\u00e9gyzet alak\u00fa (elvben), \u00e9s val\u00f3ban &hellip; <\/p>\n<p class=\"link-more\"><a href=\"https:\/\/laszlo1713.lima-city.de\/index.php\/2026\/04\/26\/a-jatekter-2020\/\" class=\"more-link\">Continue reading<span class=\"screen-reader-text\"> &#8220;A j\u00e1t\u00e9kt\u00e9r (2020)&#8221;<\/span><\/a><\/p>\n","protected":false},"author":1,"featured_media":0,"comment_status":"open","ping_status":"open","sticky":false,"template":"","format":"standard","meta":{"footnotes":""},"categories":[1],"tags":[],"class_list":["post-12759","post","type-post","status-publish","format-standard","hentry","category-allgemein"],"_links":{"self":[{"href":"https:\/\/laszlo1713.lima-city.de\/index.php\/wp-json\/wp\/v2\/posts\/12759","targetHints":{"allow":["GET"]}}],"collection":[{"href":"https:\/\/laszlo1713.lima-city.de\/index.php\/wp-json\/wp\/v2\/posts"}],"about":[{"href":"https:\/\/laszlo1713.lima-city.de\/index.php\/wp-json\/wp\/v2\/types\/post"}],"author":[{"embeddable":true,"href":"https:\/\/laszlo1713.lima-city.de\/index.php\/wp-json\/wp\/v2\/users\/1"}],"replies":[{"embeddable":true,"href":"https:\/\/laszlo1713.lima-city.de\/index.php\/wp-json\/wp\/v2\/comments?post=12759"}],"version-history":[{"count":1,"href":"https:\/\/laszlo1713.lima-city.de\/index.php\/wp-json\/wp\/v2\/posts\/12759\/revisions"}],"predecessor-version":[{"id":12761,"href":"https:\/\/laszlo1713.lima-city.de\/index.php\/wp-json\/wp\/v2\/posts\/12759\/revisions\/12761"}],"wp:attachment":[{"href":"https:\/\/laszlo1713.lima-city.de\/index.php\/wp-json\/wp\/v2\/media?parent=12759"}],"wp:term":[{"taxonomy":"category","embeddable":true,"href":"https:\/\/laszlo1713.lima-city.de\/index.php\/wp-json\/wp\/v2\/categories?post=12759"},{"taxonomy":"post_tag","embeddable":true,"href":"https:\/\/laszlo1713.lima-city.de\/index.php\/wp-json\/wp\/v2\/tags?post=12759"}],"curies":[{"name":"wp","href":"https:\/\/api.w.org\/{rel}","templated":true}]}}