{"id":12756,"date":"2026-04-26T07:52:32","date_gmt":"2026-04-26T05:52:32","guid":{"rendered":"https:\/\/laszlo1713.lima-city.de\/?p=12756"},"modified":"2026-04-26T07:52:32","modified_gmt":"2026-04-26T05:52:32","slug":"a-futball-letunk-nagy-metaforaja-2018","status":"publish","type":"post","link":"https:\/\/laszlo1713.lima-city.de\/index.php\/2026\/04\/26\/a-futball-letunk-nagy-metaforaja-2018\/","title":{"rendered":"A futball l\u00e9t\u00fcnk  nagy metafor\u00e1ja (2018)"},"content":{"rendered":"\n<figure class=\"wp-block-image size-large\"><img loading=\"lazy\" decoding=\"async\" width=\"1024\" height=\"369\" src=\"https:\/\/laszlo1713.lima-city.de\/wp-content\/uploads\/2026\/04\/Screenshot-2026-04-26-at-07.49.28-1024x369.png\" alt=\"\" class=\"wp-image-12757\" srcset=\"https:\/\/laszlo1713.lima-city.de\/wp-content\/uploads\/2026\/04\/Screenshot-2026-04-26-at-07.49.28-1024x369.png 1024w, https:\/\/laszlo1713.lima-city.de\/wp-content\/uploads\/2026\/04\/Screenshot-2026-04-26-at-07.49.28-300x108.png 300w, https:\/\/laszlo1713.lima-city.de\/wp-content\/uploads\/2026\/04\/Screenshot-2026-04-26-at-07.49.28-768x276.png 768w, https:\/\/laszlo1713.lima-city.de\/wp-content\/uploads\/2026\/04\/Screenshot-2026-04-26-at-07.49.28.png 1128w\" sizes=\"auto, (max-width: 706px) 89vw, (max-width: 767px) 82vw, 740px\" \/><\/figure>\n\n\n\n<p>Sok mindent gondolhatunk (\u00e9s gondolnak is) a focir\u00f3l, \u00edgy-\u00fagy, nemcsak \u00e9rzelmi, hanem \u00e9rtelmi alapon is. Vannak (voltak, lesznek) nagy rajong\u00f3i minden megnyilv\u00e1nul\u00e1si szinten, a k*-z\u00f3kt\u00f3l eg\u00e9szen a 16-os m\u00e9lyl\u00e9lektan\u00e1t feszeget\u0151kig. Van, akinek drog, van, akinek t\u00e9ma, amivel kapcsolatosan elgondolkodhatunk sok fontos(abb) dologr\u00f3l is. Most nem Esterh\u00e1zyt hozom el\u0151, hanem egy ink\u00e1bb jelent\u00e9ktelen cikkecsk\u00e9t, amit \u00e9vekkel ezel\u0151tt olvastam. A szerz\u0151je hosszabb-r\u00f6videbb fejteget\u00e9s ut\u00e1n arra a meg\u00e1llap\u00edt\u00e1sra jut, hogy az eg\u00e9sz (foci) egy &#8220;szem\u00e9t&#8221;: &#8220;A futball szem\u00e9t. Mindent \u00e9s mindenkit kij\u00e1tszik. Olyan, mint sok milli\u00f3 j\u00e1t\u00e9kos\u00e1nak \u00e9s milli\u00e1rdnyi szurkol\u00f3j\u00e1nak az \u00e9lete. Napi harc az utca dzsungel\u00e9ben az igazs\u00e1gtalans\u00e1gok \u00e9s k\u00e9ts\u00e9gbeejt\u0151 \u00e1tver\u00e9sek \u00e1ramlat\u00e1val szemben. Ez\u00e9rt im\u00e1dj\u00e1k annyira.&#8221; (P\u00f3sa \u00c1rp\u00e1d) Onnan jut el ide, hogy mennyi csal\u00e1s, sz\u00ednlel\u00e9s van ebben a j\u00e1t\u00e9kban (&#8220;a futballp\u00e1ly\u00e1n \u00e1ltal\u00e1nos a k\u00e1osz&#8221; &#8211; &#8220;a futball megannyi fr\u00e1zis ellen\u00e9re sem akar sz\u00e9p vagy sportszer\u0171 lenni&#8221; &#8211; &#8220;a futball \u00f3ri\u00e1si \u00fczlet&#8221; stb.). Mi magunk tal\u00e1n k\u00f6zel\u00edthet\u00fcnk onnan, hogy a futball sohasem lehet &#8220;sz\u00e9p&#8221;, mert &#8230; Nem sorolom. Kosztol\u00e1nyi egy mell\u00e9rendel\u00e9sben eml\u00edti a dolgot, azt \u00edrja ugyanis: &#8220;nem alkuszom \u00e9n semmif\u00e9le r\u00fattal,\/se a labd\u00e1\u00e9rt ord\u00edt\u00f3 t\u00f6meggel.&#8221; (Beker\u00fcl ezzel a NAT-ba? &#8211; ha igen, akkor bizony\u00e1ra t\u00e9ved\u00e9s)<br>Van olyan is, aki a futball XIX. sz\u00e1zadi &#8220;feltal\u00e1l\u00e1s\u00e1ban&#8221; az illumin\u00e1tusok aknamunk\u00e1j\u00e1t l\u00e1tja: &#8220;Die offizielle Webseite der FIFA enth\u00fcllt den Beginn der Organisation und des modernen institutionalisierten Fussballs: Ein Treffen in der Freimaurer-Taverne 1863 in London, bei der gleich die ganzen Regeln mitbeschlossen wurden.&#8221; (Alexander Benesch) Lehet, hogy csak a szok\u00e1sos &#8220;\u00f6sszeesk\u00fcv\u00e9selm\u00e9let&#8221; ez a megjegyz\u00e9s. Bizonyosabb azonban, hogy t\u00f6bb tradicion\u00e1lis (r\u00e9gebbi) futball-klub (Hamburg, Br\u00e9ma, M\u00f6nchengladbach stb.), s\u0151t maga a N\u00e9met Labdar\u00fag\u00f3 Sz\u00f6vets\u00e9g<br>(DFB) pl. szabadk\u0151m\u0171ves szimb\u00f3lumot (szimb\u00f3lumokat) jelen\u00edt meg a log\u00f3j\u00e1ban. A (modernkori) futball &#8220;megalkot\u00e1sa&#8221; \u00e9s &#8220;megregul\u00e1z\u00e1sa&#8221; ut\u00e1n egy\u00e9bk\u00e9nt valami hasonl\u00f3 t\u00f6rt\u00e9nt a kibontakoz\u00f3 aut\u00f3k\u00f6zleked\u00e9sben: egy 1908-as p\u00e1rizsi tal\u00e1lkoz\u00f3n megsz\u00fclettek ugyanis azok a szab\u00e1lyok, amelyek megjelen\u00e9s\u00fckben (k\u00f6zleked\u00e9si t\u00e1bl\u00e1k) nyilv\u00e1nval\u00f3 szabadk\u0151m\u0171ves (illumin\u00e1tus) szimb\u00f3lumok. A sor folytathat\u00f3 lenne, megeml\u00edthetn\u00e9nk pl. a futball-labd\u00e1k szimbolikus &#8220;megtervez\u00e9s\u00e9t&#8221; is, de ne folytassuk. Viszont az \u00e9let\u00fcnkr\u0151l van sz\u00f3, a futball pedig ennek nem (meg)sz\u00e9p\u00edt\u0151 t\u00fckre. Sokat meg\u00e9rthet\u00fcnk bel\u0151le, mint ahogy az \u00faj (magyarorsz\u00e1gi vagy egy\u00e9b) &#8220;katedr\u00e1lisok&#8221; (stadionok) is jelek (szimb\u00f3lumok) &#8211; arra, hogy v\u00e9gre fel\u00e9bredj\u00fcnk?<\/p>\n","protected":false},"excerpt":{"rendered":"<p>Sok mindent gondolhatunk (\u00e9s gondolnak is) a focir\u00f3l, \u00edgy-\u00fagy, nemcsak \u00e9rzelmi, hanem \u00e9rtelmi alapon is. Vannak (voltak, lesznek) nagy rajong\u00f3i minden megnyilv\u00e1nul\u00e1si szinten, a k*-z\u00f3kt\u00f3l eg\u00e9szen a 16-os m\u00e9lyl\u00e9lektan\u00e1t feszeget\u0151kig. Van, akinek drog, van, akinek t\u00e9ma, amivel kapcsolatosan elgondolkodhatunk sok fontos(abb) dologr\u00f3l is. Most nem Esterh\u00e1zyt hozom el\u0151, hanem egy ink\u00e1bb jelent\u00e9ktelen cikkecsk\u00e9t, amit \u00e9vekkel &hellip; <\/p>\n<p class=\"link-more\"><a href=\"https:\/\/laszlo1713.lima-city.de\/index.php\/2026\/04\/26\/a-futball-letunk-nagy-metaforaja-2018\/\" class=\"more-link\">Continue reading<span class=\"screen-reader-text\"> &#8220;A futball l\u00e9t\u00fcnk  nagy metafor\u00e1ja (2018)&#8221;<\/span><\/a><\/p>\n","protected":false},"author":1,"featured_media":0,"comment_status":"open","ping_status":"open","sticky":false,"template":"","format":"standard","meta":{"footnotes":""},"categories":[1],"tags":[],"class_list":["post-12756","post","type-post","status-publish","format-standard","hentry","category-allgemein"],"_links":{"self":[{"href":"https:\/\/laszlo1713.lima-city.de\/index.php\/wp-json\/wp\/v2\/posts\/12756","targetHints":{"allow":["GET"]}}],"collection":[{"href":"https:\/\/laszlo1713.lima-city.de\/index.php\/wp-json\/wp\/v2\/posts"}],"about":[{"href":"https:\/\/laszlo1713.lima-city.de\/index.php\/wp-json\/wp\/v2\/types\/post"}],"author":[{"embeddable":true,"href":"https:\/\/laszlo1713.lima-city.de\/index.php\/wp-json\/wp\/v2\/users\/1"}],"replies":[{"embeddable":true,"href":"https:\/\/laszlo1713.lima-city.de\/index.php\/wp-json\/wp\/v2\/comments?post=12756"}],"version-history":[{"count":1,"href":"https:\/\/laszlo1713.lima-city.de\/index.php\/wp-json\/wp\/v2\/posts\/12756\/revisions"}],"predecessor-version":[{"id":12758,"href":"https:\/\/laszlo1713.lima-city.de\/index.php\/wp-json\/wp\/v2\/posts\/12756\/revisions\/12758"}],"wp:attachment":[{"href":"https:\/\/laszlo1713.lima-city.de\/index.php\/wp-json\/wp\/v2\/media?parent=12756"}],"wp:term":[{"taxonomy":"category","embeddable":true,"href":"https:\/\/laszlo1713.lima-city.de\/index.php\/wp-json\/wp\/v2\/categories?post=12756"},{"taxonomy":"post_tag","embeddable":true,"href":"https:\/\/laszlo1713.lima-city.de\/index.php\/wp-json\/wp\/v2\/tags?post=12756"}],"curies":[{"name":"wp","href":"https:\/\/api.w.org\/{rel}","templated":true}]}}