{"id":12753,"date":"2026-05-02T20:09:49","date_gmt":"2026-05-02T18:09:49","guid":{"rendered":"https:\/\/laszlo1713.lima-city.de\/?p=12753"},"modified":"2026-05-02T20:09:49","modified_gmt":"2026-05-02T18:09:49","slug":"a-posztcovid-helyzet-avagy-mi-az-igazi-botrany-2022","status":"publish","type":"post","link":"https:\/\/laszlo1713.lima-city.de\/index.php\/2026\/05\/02\/a-posztcovid-helyzet-avagy-mi-az-igazi-botrany-2022\/","title":{"rendered":"A posztcovid-helyzet avagy mi az igazi botr\u00e1ny? (2022)"},"content":{"rendered":"\n<figure class=\"wp-block-image size-large\"><img loading=\"lazy\" decoding=\"async\" width=\"1024\" height=\"648\" src=\"https:\/\/laszlo1713.lima-city.de\/wp-content\/uploads\/2026\/04\/Screenshot-2026-04-26-at-07.42.18-1024x648.png\" alt=\"\" class=\"wp-image-12754\" srcset=\"https:\/\/laszlo1713.lima-city.de\/wp-content\/uploads\/2026\/04\/Screenshot-2026-04-26-at-07.42.18-1024x648.png 1024w, https:\/\/laszlo1713.lima-city.de\/wp-content\/uploads\/2026\/04\/Screenshot-2026-04-26-at-07.42.18-300x190.png 300w, https:\/\/laszlo1713.lima-city.de\/wp-content\/uploads\/2026\/04\/Screenshot-2026-04-26-at-07.42.18-768x486.png 768w, https:\/\/laszlo1713.lima-city.de\/wp-content\/uploads\/2026\/04\/Screenshot-2026-04-26-at-07.42.18.png 1170w\" sizes=\"auto, (max-width: 706px) 89vw, (max-width: 767px) 82vw, 740px\" \/><\/figure>\n\n\n\n<p><\/p>\n\n\n\n<p><strong><em>Ne legy\u00fcnk na\u00edvak, botr\u00e1nyok (megd\u00f6bbent\u0151 b\u0171ntettek) mindig is voltak, \u00e9s gondolom mindig is lesznek. Mivel a<\/em><\/strong> <strong><em>&#8220;b\u0171n&#8221; (rossz \u00fatra t\u00e9ved\u00e9s) hozz\u00e1tartozik a &#8220;romlott&#8221; emberi term\u00e9szethez. Mindez nem jelenti, hogy el kell<\/em><\/strong> <strong><em>fogadnunk a dolgot mint valami &#8220;norm\u00e1lisat&#8221;. Harcolnunk kell ellene k\u00edv\u00fcl \u00e9s bel\u00fcl is. A &#8220;posztcovid-helyzet&#8221;<\/em><\/strong> <strong><em>azonban nem egyszer\u0171 &#8220;botr\u00e1ny-ut\u00e1ni-\u00e1llapot&#8221;, hanem valami nagyon saj\u00e1tos, metafizikailag \u00e1tvil\u00e1g\u00edtott<\/em><\/strong> <strong><em>alaphelyzet. Nem egyszer\u0171en a rengeteg (napf\u00e9nyre tolult) botr\u00e1ny matematikai \u00f6sszege (akcidencia), hanem az<\/em><\/strong> <strong><em>&#8220;emberi&#8221; elt\u0171n\u00e9s\u00e9nek k\u00e9plete (szubsztancia). Lehet ugyanis megpr\u00f3b\u00e1lni az emberre er\u00f6ltetni sok mindent, ak\u00e1r<\/em><\/strong> <strong><em>(nagyon) k\u00e1ros (b\u0171n\u00f6s) dolgok halmaz\u00e1t is, de amikor az ember maga belet\u00f6r\u0151dik (beleegyezik) mindebbe, elveszti<\/em><\/strong> <strong><em>az emberi volt\u00e1t, feladja magasabb rendeltet\u00e9s\u00e9t, eladja lelk\u00e9t az \u00f6rd\u00f6gnek. Ez t\u00f6rt\u00e9nt a coviddal jel\u00f6lt<\/em><\/strong>  <strong><em>botr\u00e1nyhelyzetben nem sz\u00f3rv\u00e1nyosan, hanem elk\u00e9pzelhetetlen m\u00e9rt\u00e9kben, t\u00f6megesen. Ez lenne a &#8220;t\u00f6rt\u00e9net&#8221; v\u00e9ge?<\/em><\/strong> <strong><em>&#8220;A t\u00f6rt\u00e9net a korrupt id\u0151n alapul&#8221; &#8211; \u00edrja Hamvas B\u00e9la. A korrupci\u00f3 pedig megsemmis\u00edti mag\u00e1t, mert<\/em><\/strong> <strong><em>megsemmis\u00edtette az embert: A m\u00e1r j\u00f3 ideje Isten n\u00e9lk\u00fcli ember, akib\u0151l m\u00e1ra ember n\u00e9lk\u00fcli &#8220;ember&#8221; (manipul\u00e1lt<\/em><\/strong> <strong><em>anyag) lett. Vaj\u00fad\u00f3, apokaliptikus id\u0151ben j\u00e1runk.<\/em><\/strong><\/p>\n","protected":false},"excerpt":{"rendered":"<p>Ne legy\u00fcnk na\u00edvak, botr\u00e1nyok (megd\u00f6bbent\u0151 b\u0171ntettek) mindig is voltak, \u00e9s gondolom mindig is lesznek. Mivel a &#8220;b\u0171n&#8221; (rossz \u00fatra t\u00e9ved\u00e9s) hozz\u00e1tartozik a &#8220;romlott&#8221; emberi term\u00e9szethez. Mindez nem jelenti, hogy el kell fogadnunk a dolgot mint valami &#8220;norm\u00e1lisat&#8221;. Harcolnunk kell ellene k\u00edv\u00fcl \u00e9s bel\u00fcl is. A &#8220;posztcovid-helyzet&#8221; azonban nem egyszer\u0171 &#8220;botr\u00e1ny-ut\u00e1ni-\u00e1llapot&#8221;, hanem valami nagyon saj\u00e1tos, metafizikailag &hellip; <\/p>\n<p class=\"link-more\"><a href=\"https:\/\/laszlo1713.lima-city.de\/index.php\/2026\/05\/02\/a-posztcovid-helyzet-avagy-mi-az-igazi-botrany-2022\/\" class=\"more-link\">Continue reading<span class=\"screen-reader-text\"> &#8220;A posztcovid-helyzet avagy mi az igazi botr\u00e1ny? (2022)&#8221;<\/span><\/a><\/p>\n","protected":false},"author":1,"featured_media":0,"comment_status":"open","ping_status":"open","sticky":false,"template":"","format":"standard","meta":{"footnotes":""},"categories":[1],"tags":[],"class_list":["post-12753","post","type-post","status-publish","format-standard","hentry","category-allgemein"],"_links":{"self":[{"href":"https:\/\/laszlo1713.lima-city.de\/index.php\/wp-json\/wp\/v2\/posts\/12753","targetHints":{"allow":["GET"]}}],"collection":[{"href":"https:\/\/laszlo1713.lima-city.de\/index.php\/wp-json\/wp\/v2\/posts"}],"about":[{"href":"https:\/\/laszlo1713.lima-city.de\/index.php\/wp-json\/wp\/v2\/types\/post"}],"author":[{"embeddable":true,"href":"https:\/\/laszlo1713.lima-city.de\/index.php\/wp-json\/wp\/v2\/users\/1"}],"replies":[{"embeddable":true,"href":"https:\/\/laszlo1713.lima-city.de\/index.php\/wp-json\/wp\/v2\/comments?post=12753"}],"version-history":[{"count":1,"href":"https:\/\/laszlo1713.lima-city.de\/index.php\/wp-json\/wp\/v2\/posts\/12753\/revisions"}],"predecessor-version":[{"id":12755,"href":"https:\/\/laszlo1713.lima-city.de\/index.php\/wp-json\/wp\/v2\/posts\/12753\/revisions\/12755"}],"wp:attachment":[{"href":"https:\/\/laszlo1713.lima-city.de\/index.php\/wp-json\/wp\/v2\/media?parent=12753"}],"wp:term":[{"taxonomy":"category","embeddable":true,"href":"https:\/\/laszlo1713.lima-city.de\/index.php\/wp-json\/wp\/v2\/categories?post=12753"},{"taxonomy":"post_tag","embeddable":true,"href":"https:\/\/laszlo1713.lima-city.de\/index.php\/wp-json\/wp\/v2\/tags?post=12753"}],"curies":[{"name":"wp","href":"https:\/\/api.w.org\/{rel}","templated":true}]}}