{"id":12750,"date":"2026-04-26T07:41:18","date_gmt":"2026-04-26T05:41:18","guid":{"rendered":"https:\/\/laszlo1713.lima-city.de\/?p=12750"},"modified":"2026-04-26T07:41:18","modified_gmt":"2026-04-26T05:41:18","slug":"jel-es-valosag-2019","status":"publish","type":"post","link":"https:\/\/laszlo1713.lima-city.de\/index.php\/2026\/04\/26\/jel-es-valosag-2019\/","title":{"rendered":"Jel \u00e9s val\u00f3s\u00e1g (2019)"},"content":{"rendered":"<div class=\"wp-block-image\">\n<figure class=\"aligncenter size-full is-resized\"><img loading=\"lazy\" decoding=\"async\" width=\"856\" height=\"840\" src=\"https:\/\/laszlo1713.lima-city.de\/wp-content\/uploads\/2026\/04\/Screenshot-2026-04-26-at-07.33.29.png\" alt=\"\" class=\"wp-image-12751\" style=\"aspect-ratio:1.0190649436556498;width:493px;height:auto\" srcset=\"https:\/\/laszlo1713.lima-city.de\/wp-content\/uploads\/2026\/04\/Screenshot-2026-04-26-at-07.33.29.png 856w, https:\/\/laszlo1713.lima-city.de\/wp-content\/uploads\/2026\/04\/Screenshot-2026-04-26-at-07.33.29-300x294.png 300w, https:\/\/laszlo1713.lima-city.de\/wp-content\/uploads\/2026\/04\/Screenshot-2026-04-26-at-07.33.29-768x754.png 768w\" sizes=\"auto, (max-width: 706px) 89vw, (max-width: 767px) 82vw, 740px\" \/><\/figure>\n<\/div>\n\n\n<p><em>Mi is lenne a &#8220;val\u00f3s\u00e1g&#8221;? Ami megnyilv\u00e1nul,<\/em> <em>testet \u00f6lt. Nem az, amit gondolunk (r\u00f3la).<\/em><\/p>\n\n\n\n<p><em>Term\u00e9szetesen arra t\u00f6reksz\u00fcnk<\/em> <em>(t\u00f6rekedn\u00e9nk), hogy gondolkod\u00e1sunk<\/em> <em>megfeleljen a val\u00f3s\u00e1gnak, \u00e9s szerencs\u00e9s<\/em> <em>esetben ez t\u00f6bb\u00e9-kev\u00e9sb\u00e9 siker\u00fcl is. Nem is<\/em> <em>ez id\u0151k\u00f6zben a gond, hanem mindenekel\u0151tt<\/em> <em>az, hogy gondolkod\u00e1sunk alapvet\u0151 eszk\u00f6ze,a jel (t\u00f6bbek k\u00f6z\u00f6tt a nyelvi jel) saj\u00e1tos<\/em> <em>szerepet kapott napjainkban, eszk\u00f6zb\u0151l c\u00e9l<\/em> <em>lett, m\u00e9gpedig a val\u00f3s\u00e1g hely\u00e9t \u00e1tvev\u0151<\/em> <em>eszk\u00f6z-c\u00e9l.<\/em><\/p>\n\n\n\n<p><em>Jean Baudrillard m\u00e1r a 70-es \u00e9vekben<\/em> <em>(Agonie des Realen) tiszt\u00e1n l\u00e1tta ezt a<\/em> <em>folyamatot, azt ugyanis, hogy a jel a<\/em> <em>val\u00f3s\u00e1g hely\u00e9be l\u00e9p: &#8220;Es geht um die<\/em> <em>Substituierung des Realen durch Zeichen<\/em> <em>des Realen.&#8221; Ebben a saj\u00e1tos helyzetben<\/em> <em>mindenf\u00e9le hivatalos (hatalom k\u00f6zeli)<\/em> <em>inform\u00e1ci\u00f3 arr\u00f3l sz\u00f3lna, hogy a val\u00f3s\u00e1g-<\/em> <em>illuzi\u00f3t megtarts\u00e1k, \u00edgy a hatalom<\/em> <em>illuzi\u00f3j\u00e1t is, ami mint val\u00f3s\u00e1g nem l\u00e9tezik<\/em> <em>(imm\u00e1r), hanem csak mint ennek l\u00e1tszata a<\/em> <em>jelek \u00e1ltal. Innen szeml\u00e9lve a dolgokat<\/em> <em>vil\u00e1gos, hogy a kapkod\u00e1s, hiszt\u00e9ria ennek a<\/em> <em>szomor\u00faj\u00e1t\u00e9knak a velej\u00e1r\u00f3ja, amikor a<\/em> <em>&#8220;hatalom&#8221; semmi m\u00e1s nem lenne, mint az<\/em> <em>illuzi\u00f3nak a fenntart\u00e1sa, hogy l\u00e9tezne b\u00e1r<\/em> <em>nem is l\u00e9tezik val\u00f3s\u00e1gosan: &#8220;da\u00df die Macht<\/em> <em>im gro\u00dfen und ganzen nur dazu da ist, um<\/em> <em>zu verbergen, da\u00df es sie nicht mehr gibt.&#8221;<\/em> <em>Mintha Goya vil\u00e1ga \u00e9ledne fel, azzal a kis<\/em> <em>(?) k\u00fcl\u00f6nbs\u00e9ggel, hogy m\u00edg ott az elveszett<\/em> <em>\u00e9rtelemr\u0151l van sz\u00f3, manaps\u00e1g viszont<\/em> <em>ink\u00e1bb egy paradoxonr\u00f3l: min\u00e9l<\/em> <em>\u00e9rtelmetlenebb vil\u00e1gunk, ann\u00e1l jobban<\/em> <em>&#8220;m\u0171k\u00f6dik&#8221;. &#8220;Die Dinge funktionieren weiter,<\/em> <em>w\u00e4hrend die Idee von ihnen l\u00e4ngstw\u00e4hrend die Idee von ihnen l\u00e4ngst<\/em> <em>verlorengegangen ist. Sie funktionieren<\/em> <em>weiter in totaler Gleichg\u00fcltigkeit<\/em> <em>gegen\u00fcber ihren eigenen Gehalt. Und das<\/em> <em>Paradoxe ist, da\u00df sie umso besser<\/em> <em>funktionieren.&#8221; (Baudrillard:Transparenzdes B\u00f6sen)<\/em><\/p>\n\n\n\n<p><em>\u00c9s hogy a kir\u00e1ly meztelen? Igen, ki fog<\/em> <em>(hamarosan) der\u00fclni; a hatalom megpr\u00f3b\u00e1l<\/em> <em>mindent (&#8220;spielt um ihr Leben&#8221;), de m\u00e1r<\/em> <em>k\u00e9s\u0151 &#8211; \u00e1llap\u00edtja meg Baudrillard 40 \u00e9vvel<\/em> <em>ezel\u0151tt. Napjainkban (szinte) mindenki \u00e9rzi<\/em> <em>(is) mindezt a b\u0151r\u00e9n.<\/em><\/p>\n","protected":false},"excerpt":{"rendered":"<p>Mi is lenne a &#8220;val\u00f3s\u00e1g&#8221;? Ami megnyilv\u00e1nul, testet \u00f6lt. Nem az, amit gondolunk (r\u00f3la). Term\u00e9szetesen arra t\u00f6reksz\u00fcnk (t\u00f6rekedn\u00e9nk), hogy gondolkod\u00e1sunk megfeleljen a val\u00f3s\u00e1gnak, \u00e9s szerencs\u00e9s esetben ez t\u00f6bb\u00e9-kev\u00e9sb\u00e9 siker\u00fcl is. Nem is ez id\u0151k\u00f6zben a gond, hanem mindenekel\u0151tt az, hogy gondolkod\u00e1sunk alapvet\u0151 eszk\u00f6ze,a jel (t\u00f6bbek k\u00f6z\u00f6tt a nyelvi jel) saj\u00e1tos szerepet kapott napjainkban, eszk\u00f6zb\u0151l c\u00e9l &hellip; <\/p>\n<p class=\"link-more\"><a href=\"https:\/\/laszlo1713.lima-city.de\/index.php\/2026\/04\/26\/jel-es-valosag-2019\/\" class=\"more-link\">Continue reading<span class=\"screen-reader-text\"> &#8220;Jel \u00e9s val\u00f3s\u00e1g (2019)&#8221;<\/span><\/a><\/p>\n","protected":false},"author":1,"featured_media":0,"comment_status":"open","ping_status":"open","sticky":false,"template":"","format":"standard","meta":{"footnotes":""},"categories":[1],"tags":[],"class_list":["post-12750","post","type-post","status-publish","format-standard","hentry","category-allgemein"],"_links":{"self":[{"href":"https:\/\/laszlo1713.lima-city.de\/index.php\/wp-json\/wp\/v2\/posts\/12750","targetHints":{"allow":["GET"]}}],"collection":[{"href":"https:\/\/laszlo1713.lima-city.de\/index.php\/wp-json\/wp\/v2\/posts"}],"about":[{"href":"https:\/\/laszlo1713.lima-city.de\/index.php\/wp-json\/wp\/v2\/types\/post"}],"author":[{"embeddable":true,"href":"https:\/\/laszlo1713.lima-city.de\/index.php\/wp-json\/wp\/v2\/users\/1"}],"replies":[{"embeddable":true,"href":"https:\/\/laszlo1713.lima-city.de\/index.php\/wp-json\/wp\/v2\/comments?post=12750"}],"version-history":[{"count":1,"href":"https:\/\/laszlo1713.lima-city.de\/index.php\/wp-json\/wp\/v2\/posts\/12750\/revisions"}],"predecessor-version":[{"id":12752,"href":"https:\/\/laszlo1713.lima-city.de\/index.php\/wp-json\/wp\/v2\/posts\/12750\/revisions\/12752"}],"wp:attachment":[{"href":"https:\/\/laszlo1713.lima-city.de\/index.php\/wp-json\/wp\/v2\/media?parent=12750"}],"wp:term":[{"taxonomy":"category","embeddable":true,"href":"https:\/\/laszlo1713.lima-city.de\/index.php\/wp-json\/wp\/v2\/categories?post=12750"},{"taxonomy":"post_tag","embeddable":true,"href":"https:\/\/laszlo1713.lima-city.de\/index.php\/wp-json\/wp\/v2\/tags?post=12750"}],"curies":[{"name":"wp","href":"https:\/\/api.w.org\/{rel}","templated":true}]}}