{"id":12727,"date":"2026-04-28T16:56:19","date_gmt":"2026-04-28T14:56:19","guid":{"rendered":"https:\/\/laszlo1713.lima-city.de\/?p=12727"},"modified":"2026-04-28T16:56:19","modified_gmt":"2026-04-28T14:56:19","slug":"genug-gefeiert-2018","status":"publish","type":"post","link":"https:\/\/laszlo1713.lima-city.de\/index.php\/2026\/04\/28\/genug-gefeiert-2018\/","title":{"rendered":"Genug gefeiert! (2018)"},"content":{"rendered":"\n<figure class=\"wp-block-image size-full\"><img loading=\"lazy\" decoding=\"async\" width=\"876\" height=\"646\" src=\"https:\/\/laszlo1713.lima-city.de\/wp-content\/uploads\/2026\/04\/Screenshot-2026-04-24-at-09.57.50.png\" alt=\"\" class=\"wp-image-12728\" srcset=\"https:\/\/laszlo1713.lima-city.de\/wp-content\/uploads\/2026\/04\/Screenshot-2026-04-24-at-09.57.50.png 876w, https:\/\/laszlo1713.lima-city.de\/wp-content\/uploads\/2026\/04\/Screenshot-2026-04-24-at-09.57.50-300x221.png 300w, https:\/\/laszlo1713.lima-city.de\/wp-content\/uploads\/2026\/04\/Screenshot-2026-04-24-at-09.57.50-768x566.png 768w\" sizes=\"auto, (max-width: 706px) 89vw, (max-width: 767px) 82vw, 740px\" \/><\/figure>\n\n\n\n<p><\/p>\n\n\n\n<p>Den Titel hat die\u00a0<em>S\u00fcddeutsche Zeitung<\/em>\u00a0geliefert, w\u00e4re also die richtige Quelle f\u00fcr die obige Angelegenheit, rot genug ist sie daf\u00fcr allemal. Aber gelogen habe ich diesmal, nicht sie. Zu diesem\u00a0<em>SZ<\/em>&#8211; Titel geh\u00f6rt eben ein anderer Text: \u201cBrauchen wir wirklich freie Tage, deren Bedeutung uns weniger interessiert?\u201d Spannende Frage. Im Kontext geht es aber nur um die sog. christlichen Feiertage. Der erste Mai steht und stand nicht zur Disposition. Warum eben? Mich pers\u00f6nlich interessiert dieser heuchlerische, verlogene Tag , an dem eigentlich die Geburtsstunde der Illuminaten gefeiert wird , \u00fcberhaupt nicht &#8211; also mein Vorschlag verehrte SZ-Redaktion (insbesondere verehrter Autor Martin Zips) : wie w\u00e4re es, eventuell den 1. Mai zu opfern und statt dessen einen Feiertag wie z.B. \u201cTag der Ehrlichkeit\u201d einzuf\u00fchren &#8211; das w\u00fcrde auch bundesweit nicht schaden.<\/p>\n\n\n\n<p><\/p>\n","protected":false},"excerpt":{"rendered":"<p>Den Titel hat die\u00a0S\u00fcddeutsche Zeitung\u00a0geliefert, w\u00e4re also die richtige Quelle f\u00fcr die obige Angelegenheit, rot genug ist sie daf\u00fcr allemal. Aber gelogen habe ich diesmal, nicht sie. Zu diesem\u00a0SZ&#8211; Titel geh\u00f6rt eben ein anderer Text: \u201cBrauchen wir wirklich freie Tage, deren Bedeutung uns weniger interessiert?\u201d Spannende Frage. Im Kontext geht es aber nur um die &hellip; <\/p>\n<p class=\"link-more\"><a href=\"https:\/\/laszlo1713.lima-city.de\/index.php\/2026\/04\/28\/genug-gefeiert-2018\/\" class=\"more-link\">Continue reading<span class=\"screen-reader-text\"> &#8220;Genug gefeiert! (2018)&#8221;<\/span><\/a><\/p>\n","protected":false},"author":1,"featured_media":0,"comment_status":"open","ping_status":"open","sticky":false,"template":"","format":"standard","meta":{"footnotes":""},"categories":[1],"tags":[],"class_list":["post-12727","post","type-post","status-publish","format-standard","hentry","category-allgemein"],"_links":{"self":[{"href":"https:\/\/laszlo1713.lima-city.de\/index.php\/wp-json\/wp\/v2\/posts\/12727","targetHints":{"allow":["GET"]}}],"collection":[{"href":"https:\/\/laszlo1713.lima-city.de\/index.php\/wp-json\/wp\/v2\/posts"}],"about":[{"href":"https:\/\/laszlo1713.lima-city.de\/index.php\/wp-json\/wp\/v2\/types\/post"}],"author":[{"embeddable":true,"href":"https:\/\/laszlo1713.lima-city.de\/index.php\/wp-json\/wp\/v2\/users\/1"}],"replies":[{"embeddable":true,"href":"https:\/\/laszlo1713.lima-city.de\/index.php\/wp-json\/wp\/v2\/comments?post=12727"}],"version-history":[{"count":1,"href":"https:\/\/laszlo1713.lima-city.de\/index.php\/wp-json\/wp\/v2\/posts\/12727\/revisions"}],"predecessor-version":[{"id":12729,"href":"https:\/\/laszlo1713.lima-city.de\/index.php\/wp-json\/wp\/v2\/posts\/12727\/revisions\/12729"}],"wp:attachment":[{"href":"https:\/\/laszlo1713.lima-city.de\/index.php\/wp-json\/wp\/v2\/media?parent=12727"}],"wp:term":[{"taxonomy":"category","embeddable":true,"href":"https:\/\/laszlo1713.lima-city.de\/index.php\/wp-json\/wp\/v2\/categories?post=12727"},{"taxonomy":"post_tag","embeddable":true,"href":"https:\/\/laszlo1713.lima-city.de\/index.php\/wp-json\/wp\/v2\/tags?post=12727"}],"curies":[{"name":"wp","href":"https:\/\/api.w.org\/{rel}","templated":true}]}}