{"id":12698,"date":"2026-04-28T16:56:46","date_gmt":"2026-04-28T14:56:46","guid":{"rendered":"https:\/\/laszlo1713.lima-city.de\/?p=12698"},"modified":"2026-04-28T16:56:46","modified_gmt":"2026-04-28T14:56:46","slug":"itt-van-majus-elseje-2019","status":"publish","type":"post","link":"https:\/\/laszlo1713.lima-city.de\/index.php\/2026\/04\/28\/itt-van-majus-elseje-2019\/","title":{"rendered":"Itt van m\u00e1jus elseje &#8230; (2019)"},"content":{"rendered":"\n<p><\/p>\n\n\n\n<figure class=\"wp-block-image size-full\"><img loading=\"lazy\" decoding=\"async\" width=\"840\" height=\"634\" src=\"https:\/\/laszlo1713.lima-city.de\/wp-content\/uploads\/2026\/04\/Screenshot-2026-04-22-at-19.35.41.png\" alt=\"\" class=\"wp-image-12700\" srcset=\"https:\/\/laszlo1713.lima-city.de\/wp-content\/uploads\/2026\/04\/Screenshot-2026-04-22-at-19.35.41.png 840w, https:\/\/laszlo1713.lima-city.de\/wp-content\/uploads\/2026\/04\/Screenshot-2026-04-22-at-19.35.41-300x226.png 300w, https:\/\/laszlo1713.lima-city.de\/wp-content\/uploads\/2026\/04\/Screenshot-2026-04-22-at-19.35.41-768x580.png 768w\" sizes=\"auto, (max-width: 706px) 89vw, (max-width: 767px) 82vw, 740px\" \/><\/figure>\n\n\n\n<p>Itt van ism\u00e9t ez a csod\u00e1latos \u00fcnnep, vid\u00e1m a hangulatunk, r\u00e9gen (nem is olyan nagyon) m\u00e9g &#8220;\u00e9neksz\u00f3&#8221; k\u00eds\u00e9rte, mint pl. Balassi k\u00f6lt\u00e9szet\u00e9t a megadott n\u00f3t\u00e1k, hogy r\u00e1ismerj\u00fcnk (?), hogy legyen hozz\u00e1 valamif\u00e9le \u00fatmutat\u00e1s: \u00f6r\u00f6mteli \u00fcnnep ez, ne szomorkodjunk, hiszen a munk\u00e1t, a &#8220;szent&#8221; munk\u00e1t \u00fcnnepelj\u00fck (m\u00e1r aki) a szocialist\u00e1k (\u00e9s eml\u00edts\u00fck meg \u0151ket is: a &#8220;nemzeti&#8221; szocialist\u00e1k) altruista k\u00f6zbenj\u00e1r\u00e1s\u00e1val. Kosztol\u00e1nyi pl. 1921-ben m\u00e9g nem \u00e9rthette ennek a napnak a felemel\u0151 jelent\u0151s\u00e9g\u00e9t, hiszen \u00fcnnepp\u00e9 nyilv\u00e1n\u00edt\u00e1sa az 1919-es forradalmak &#8220;v\u00edvm\u00e1nya&#8221;, &#8220;megszentel\u00e9se&#8221; csak valamivel k\u00e9s\u0151bb t\u00f6rt\u00e9nik. M\u00e1jus elsej\u00e9n a k\u00f6vetkez\u0151t \u00edrta t\u00f6bbek k\u00f6z\u00f6tt R\u00e9vay J\u00f3zsefnek lev\u00e9lben : &#8220;Nyakig vagyok a munk\u00e1ban.&#8221; (Ugyanis N\u00e9r\u00f3-reg\u00e9ny\u00e9n dolgozik ekkor.) M\u00e9g hozz\u00e1teszi a r\u00f6vid lev\u00e9l ut\u00f3irat\u00e1ban: &#8220;A fentnevezett r\u00e9szletb\u0151l csak k\u00e9t-h\u00e1rom sor kell; a legink\u00e1bb jellemz\u0151, a hal\u00e1l fest\u00e9se.&#8221; Ez is egy tal\u00e1l\u00f3 konnot\u00e1ci\u00f3, csak\u00fagy, mint ahogy \u00e9rdekes lehet a mai \u00fcnnepi napra sz\u00f3l\u00f3 katolikus ige J\u00e1nos evang\u00e9lium\u00e1b\u00f3l (Jn 3,16-21), pontosan az a konnotat\u00edvan kiemelt r\u00e9sze, hogy &#8220;a vil\u00e1goss\u00e1g a vil\u00e1gba j\u00f6tt, de az emberek jobban szerett\u00e9k a s\u00f6t\u00e9ts\u00e9get, mint a vil\u00e1goss\u00e1got&#8221;. Az egyh\u00e1z m\u00e1r nem a &#8220;J\u00f3zsef, a munk\u00e1s&#8221; dallal hangol, hanem egy sokkal jobb \u00e1thall\u00e1ssal? Nem tudom, lehet mindez v\u00e9letlen. Tal\u00e1n tekints\u00fck az eg\u00e9szet v\u00e9letlennek, ne nyugtalankodj\u00e9k sz\u00edv\u00fcnk, hiszen a &#8220;helyzet komolynak l\u00e1tszott, de nem (&#8230;) rem\u00e9nytelen&#8221;.<\/p>\n","protected":false},"excerpt":{"rendered":"<p>Itt van ism\u00e9t ez a csod\u00e1latos \u00fcnnep, vid\u00e1m a hangulatunk, r\u00e9gen (nem is olyan nagyon) m\u00e9g &#8220;\u00e9neksz\u00f3&#8221; k\u00eds\u00e9rte, mint pl. Balassi k\u00f6lt\u00e9szet\u00e9t a megadott n\u00f3t\u00e1k, hogy r\u00e1ismerj\u00fcnk (?), hogy legyen hozz\u00e1 valamif\u00e9le \u00fatmutat\u00e1s: \u00f6r\u00f6mteli \u00fcnnep ez, ne szomorkodjunk, hiszen a munk\u00e1t, a &#8220;szent&#8221; munk\u00e1t \u00fcnnepelj\u00fck (m\u00e1r aki) a szocialist\u00e1k (\u00e9s eml\u00edts\u00fck meg \u0151ket is: a &hellip; <\/p>\n<p class=\"link-more\"><a href=\"https:\/\/laszlo1713.lima-city.de\/index.php\/2026\/04\/28\/itt-van-majus-elseje-2019\/\" class=\"more-link\">Continue reading<span class=\"screen-reader-text\"> &#8220;Itt van m\u00e1jus elseje &#8230; (2019)&#8221;<\/span><\/a><\/p>\n","protected":false},"author":1,"featured_media":0,"comment_status":"open","ping_status":"open","sticky":false,"template":"","format":"standard","meta":{"footnotes":""},"categories":[1],"tags":[],"class_list":["post-12698","post","type-post","status-publish","format-standard","hentry","category-allgemein"],"_links":{"self":[{"href":"https:\/\/laszlo1713.lima-city.de\/index.php\/wp-json\/wp\/v2\/posts\/12698","targetHints":{"allow":["GET"]}}],"collection":[{"href":"https:\/\/laszlo1713.lima-city.de\/index.php\/wp-json\/wp\/v2\/posts"}],"about":[{"href":"https:\/\/laszlo1713.lima-city.de\/index.php\/wp-json\/wp\/v2\/types\/post"}],"author":[{"embeddable":true,"href":"https:\/\/laszlo1713.lima-city.de\/index.php\/wp-json\/wp\/v2\/users\/1"}],"replies":[{"embeddable":true,"href":"https:\/\/laszlo1713.lima-city.de\/index.php\/wp-json\/wp\/v2\/comments?post=12698"}],"version-history":[{"count":5,"href":"https:\/\/laszlo1713.lima-city.de\/index.php\/wp-json\/wp\/v2\/posts\/12698\/revisions"}],"predecessor-version":[{"id":12705,"href":"https:\/\/laszlo1713.lima-city.de\/index.php\/wp-json\/wp\/v2\/posts\/12698\/revisions\/12705"}],"wp:attachment":[{"href":"https:\/\/laszlo1713.lima-city.de\/index.php\/wp-json\/wp\/v2\/media?parent=12698"}],"wp:term":[{"taxonomy":"category","embeddable":true,"href":"https:\/\/laszlo1713.lima-city.de\/index.php\/wp-json\/wp\/v2\/categories?post=12698"},{"taxonomy":"post_tag","embeddable":true,"href":"https:\/\/laszlo1713.lima-city.de\/index.php\/wp-json\/wp\/v2\/tags?post=12698"}],"curies":[{"name":"wp","href":"https:\/\/api.w.org\/{rel}","templated":true}]}}